{"id":3507,"date":"2025-04-22T13:17:34","date_gmt":"2025-04-22T13:17:34","guid":{"rendered":"https:\/\/sentrycs.com\/?p=3507"},"modified":"2026-04-09T08:33:48","modified_gmt":"2026-04-09T08:33:48","slug":"navigating-the-european-skies-the-push-for-a-unified-counter-drone-regulatory-framework","status":"publish","type":"post","link":"https:\/\/sentrycs.com\/lt\/the-counter-drone-blog\/navigating-the-european-skies-the-push-for-a-unified-counter-drone-regulatory-framework\/","title":{"rendered":"Kelion\u0117 po Europos dang\u0173: Siekis sukurti viening\u0105 kovos su dronais reguliavimo sistem\u0105"},"content":{"rendered":"<figure class=\"wp-block-image size-large\"><img loading=\"lazy\" decoding=\"async\" width=\"1024\" height=\"683\" src=\"https:\/\/sentrycs.com\/wp-content\/uploads\/2025\/04\/Europe_Regulations-1024x683.png\" alt=\"\" class=\"wp-image-3510\" srcset=\"https:\/\/sentrycs.com\/wp-content\/uploads\/2025\/04\/Europe_Regulations-1024x683.png 1024w, https:\/\/sentrycs.com\/wp-content\/uploads\/2025\/04\/Europe_Regulations-300x200.png 300w, https:\/\/sentrycs.com\/wp-content\/uploads\/2025\/04\/Europe_Regulations-768x512.png 768w, https:\/\/sentrycs.com\/wp-content\/uploads\/2025\/04\/Europe_Regulations-18x12.png 18w, https:\/\/sentrycs.com\/wp-content\/uploads\/2025\/04\/Europe_Regulations.png 1536w\" sizes=\"auto, (max-width: 1024px) 100vw, 1024px\" \/><\/figure>\n\n\n\n<p>Bepilo\u010di\u0173 orlaivi\u0173 sistem\u0173 (UAS) atsiradimas pakeit\u0117 Europos aerokosmin\u0119 ir saugumo erdv\u0119. Bepilo\u010diai orlaiviai taikomi \u012fvairiose srityse - nuo \u017eem\u0117s \u016bkio ir logistikos iki pramog\u0173, steb\u0117jimo ir reagavimo \u012f ekstremalias situacijas, tod\u0117l jie tapo universalia priemone tiek komercin\u0117je, tiek vyriausybin\u0117je srityse. Did\u0117jantis j\u0173 paplitimas vie\u0161osiose ir priva\u010diosiose sferose suteikia nauj\u0173 galimybi\u0173, ta\u010diau kartu kelia ir nauj\u0173 pavoj\u0173. \u0160i rizika pastaraisiais metais sustipr\u0117jo i\u0161 dalies d\u0117l to, kad dronai pla\u010diai naudojami kariniuose konfliktuose, ypa\u010d Rusijos ir Ukrainos kare, kur dronai buvo naudojami \u017evalgybai, steb\u0117jimui, \u017evalgybai (ISR) ir puolamosioms operacijoms. \u0160is konfliktas parod\u0117 strategin\u012f pigi\u0173 bepilo\u010di\u0173 orlaivi\u0173 poveik\u012f gin\u010dytinose aplinkose ir suk\u0117l\u0117 nerim\u0105 visame pasaulyje, nes pana\u0161ios technologijos tampa vis labiau prieinamos. Tuo pat metu civilin\u0117 oro erdv\u0117 ir ypatingos svarbos infrastrukt\u016bra susid\u016br\u0117 su vis didesniais i\u0161\u0161\u016bkiais, \u012fskaitant oro uost\u0173 veiklos sutrikimus, kontraband\u0105 i\u0161 oro \u012f kal\u0117jimus ir neleistin\u0105 bepilo\u010di\u0173 orlaivi\u0173 naudojim\u0105 tankiai apgyvendintose vietov\u0117se - tai rodo, kad skubiai reikia visapusi\u0161ko valdymo ir kontrol\u0117s.<\/p>\n\n\n\n<p>Nepaisant spar\u010dios aptikimo ir poveikio ma\u017einimo technologij\u0173 pa\u017eangos, vis dar akivaizd\u017eiai reikia suderintos teisin\u0117s sistemos, kuri pad\u0117t\u0173 veiksmingai diegti C-UAS sistemas pagal realius scenarijus. Vienas pagrindini\u0173 i\u0161\u0161\u016bki\u0173, su kuriais \u0161iandien susiduria Europos vald\u017eios institucijos, yra teisinis neai\u0161kumas, susij\u0119s su tuo, kaip elgtis su neleistina ar potencialiai pavojinga dron\u0173 veikla. Teis\u0117saugos institucijos da\u017enai neturi \u012fgaliojim\u0173 perimti ar neutralizuoti dronus, net jei nustatoma ai\u0161ki gr\u0117sm\u0117. \u0160\u012f apribojim\u0105 lemia keletas veiksni\u0173: grie\u017etos aviacijos saugos taisykl\u0117s, kuriose ma\u017eai ai\u0161kumo d\u0117l poveikio ma\u017einimo veiksm\u0173; grie\u017eti duomen\u0173 apsaugos ir privatumo \u012fstatymai - tokie kaip BDAR ir Teis\u0117saugos direktyva - kurie riboja steb\u0117jim\u0105 ir intervencij\u0105; taip pat n\u0117ra suderint\u0173 visoje ES galiojan\u010di\u0173 teisini\u0173 nuostat\u0173, reglamentuojan\u010di\u0173 dron\u0173 pa\u0117mim\u0105. Kai kuriose valstyb\u0117se nar\u0117se teismai netgi nusprend\u0117, kad teis\u0117saugos institucij\u0173 dron\u0173 naudojimas vie\u0161osioms erdv\u0117ms steb\u0117ti yra neteis\u0117tas. D\u0117l to susidar\u0117 kritin\u0117 vykdymo u\u017etikrinimo spraga: dronai gali b\u016bti nebaud\u017eiamai skraidinami pa\u017eeid\u017eiamose ar riboto naudojimo teritorijose, o vald\u017eios institucij\u0173 galimyb\u0117s reaguoti i\u0161lieka ribotos.<\/p>\n\n\n\n<p>Atsi\u017evelgiant \u012f \u0161iuos i\u0161\u0161\u016bkius, visoje Europoje kei\u010diasi pokalbis. U\u017euot ad hoc reagav\u0119 \u012f kylan\u010dias gr\u0117smes, politikos formuotojai vis da\u017eniau pripa\u017e\u012fsta, kad reikia i\u0161samios reguliavimo sistemos. Problema nebeapsiriboja vien tik dron\u0173 eksploatavimu - dabar ji apima aptikim\u0105, identifikavim\u0105, sekim\u0105 ir teisinius \u012fgaliojimus veikti. \u0160iuo metu formuojasi daugiasluoksnis atsakas, kuriuo apibr\u0117\u017eiamos teis\u0117to dron\u0173 naudojimo ribos, nustatomi kovos su bepilo\u010diais orlaiviais technologij\u0173 standartai ir teis\u0117saugos institucijoms suteikiami ai\u0161kiai suformuluoti \u012fgaliojimai. \u0160i\u0105 raid\u0105 rodo tiek nacionalin\u0117s iniciatyvos, tiek \u017eemyno mastu vykstantis bendradarbiavimas, kuriuo siekiama Europos oro erdv\u0117s valdymui suteikti ai\u0161kumo, nuoseklumo ir operatyvin\u0117s parengties.<\/p>\n\n\n\n<h2 class=\"wp-block-heading\" id=\"h-germany-a-policy-driven-acknowledgment-of-the-regulatory-gap\"><span class=\"ez-toc-section\" id=\"Germany_A_Policy-Driven_Acknowledgment_of_the_Regulatory_Gap\"><\/span><strong>Vokietija: Politik\u0173 skatinamas reguliavimo spragos pripa\u017einimas<\/strong><span class=\"ez-toc-section-end\"><\/span><\/h2>\n\n\n\n<p>Vokietija neseniai \u017eeng\u0117 ai\u0161k\u0173 politin\u012f \u017eingsn\u012f sprend\u017eiant bepilo\u010di\u0173 orlaivi\u0173 keliamus i\u0161\u0161\u016bkius, sudarydama 2025 m. kadencijos koalicin\u012f susitarim\u0105. 2024 m. pabaigoje baigtame rengti susitarime i\u0161d\u0117styti vyriausyb\u0117s strateginiai prioritetai ateinantiems metams ir \u012ftrauktas specialus skirsnis apie vidaus saugum\u0105, kuriame ai\u0161kiai aptariama su neleistina dron\u0173 veikla susijusi rizika. U\u017euot sutelkus d\u0117mes\u012f tik \u012f pavienius incidentus, susitarime pabr\u0117\u017eiama, kad reikia strukt\u016brizuoto nacionalinio lygmens po\u017ei\u016brio - apiman\u010dio reguliavim\u0105, operatyvinius paj\u0117gumus ir teisinius \u012fgaliojimus - kuriuo b\u016bt\u0173 vadovaujamasi, kaip valstyb\u0117s institucijos gali aptikti, steb\u0117ti ir su\u0161velninti bepilo\u010di\u0173 orlaivi\u0173 keliam\u0105 pavoj\u0173 pagal ai\u0161kiai apibr\u0117\u017et\u0105 teisin\u0119 sistem\u0105. Jis atspindi Vokietijos politikos formuotoj\u0173 sluoksniuose did\u0117jant\u012f suvokim\u0105, kad reikia pa\u0161alinti \u012fsisen\u0117jusias prie\u017ei\u016bros ir vykdymo u\u017etikrinimo spragas.<\/p>\n\n\n\n<p><strong>Pagrindin\u0117s priemon\u0117s<\/strong>:<\/p>\n\n\n\n<ul class=\"wp-block-list\">\n<li>Teisin\u0117 infrastrukt\u016bra: Susitarime \u012fsipareigojama nustatyti teisinius \u012fgaliojimus teis\u0117saugos ir nacionalinio saugumo agent\u016broms aptikti, sekti ir ma\u017einti neleistin\u0173 bepilo\u010di\u0173 orlaivi\u0173 poveik\u012f - taip bus pa\u0161alinti anks\u010diau civilin\u0117s aviacijos teis\u0117s aktuose nustatyti apribojimai.<\/li>\n\n\n\n<li>Technin\u0117 ir finansin\u0117 parama: Federalin\u0117 vyriausyb\u0117 \u012fsipareigoja investuoti \u012f kovos su NSO sistemas, skaitmenines steb\u0117senos priemones ir dirbtiniu intelektu paremtas aptikimo technologijas, kad pagerint\u0173 informuotum\u0105 apie pad\u0117t\u012f ir operatyvin\u012f reagavim\u0105.<\/li>\n\n\n\n<li>Integruotos operacijos: Yra parengti planai, pagal kuriuos \u012f federalin\u0117s policijos padalinius, civilin\u0117s saugos agent\u016bras, \u017evalgybos tarnybas ir reagavimo \u012f ekstremalias situacijas sistemas bus \u012ftraukti dron\u0173 poveikio ma\u017einimo paj\u0117gumai.<\/li>\n\n\n\n<li>Duomen\u0173 politikos reforma: Vokietija, atsi\u017evelgdama \u012f su dron\u0173 aptikimu ir biometriniu sekimu susijusias privatumo problemas, siekia atkurti pusiausvyr\u0105 tarp visuomen\u0117s saugumo poreiki\u0173 ir duomen\u0173 apsaugos, u\u017etikrinant atitikt\u012f tiek nacionalinei teisei, tiek ES Bendrajam duomen\u0173 apsaugos reglamentui (BDAR).<\/li>\n<\/ul>\n\n\n\n<p>Vokietija laikosi visapusi\u0161ko po\u017ei\u016brio \u012f kov\u0105 su neleistina dron\u0173 veikla, integruodama teis\u0117k\u016bros reformas, karinius paj\u0117gumus ir civilin\u0117s aviacijos strategijas.<\/p>\n\n\n\n<p><strong>Teis\u0117k\u016bros reformos:<\/strong><\/p>\n\n\n\n<ul class=\"wp-block-list\">\n<li>Aviacijos saugumo \u012fstatymo pakeitimas: 2025 m. sausio m\u0117n. Vokietijos federalinis ministr\u0173 kabinetas pritar\u0117 pasi\u016blymui i\u0161 dalies pakeisti Aviacijos saugumo \u012fstatym\u0105, kuriuo Bundesverui (Vokietijos ginkluotosioms paj\u0117goms) suteikiami \u012fgaliojimai neutralizuoti neautorizuotus bepilo\u010dius orlaivius vir\u0161 ypatingos svarbos infrastrukt\u016bros objekt\u0173 ekstremali\u0173 situacij\u0173 atvejais. \u0160ia priemone sudaromos s\u0105lygos karinei intervencijai, kai valstyb\u0117s policija neturi reikiam\u0173 technini\u0173 paj\u0117gum\u0173.<\/li>\n\n\n\n<li>Federalinio policijos \u012fstatymo reforma: Rengiamas Federalinio policijos \u012fstatymo reformos projektas, kuriuo siekiama suteikti policijos paj\u0117goms pa\u017eangias kovos su dronais priemones, \u012fskaitant elektromagnetinius impulsus ir radijo signal\u0173 trikdym\u0105. \u0160iuo teis\u0117s aktu siekiama padidinti teis\u0117saugos institucij\u0173 geb\u0117jim\u0105 veiksmingai kovoti su su dronais susijusiomis gr\u0117sm\u0117mis.<\/li>\n<\/ul>\n\n\n\n<p><strong>Civilin\u0117s aviacijos strategijos:<\/strong><\/p>\n\n\n\n<p>Nacionalinis bepilo\u010di\u0173 orlaivi\u0173 veiksm\u0173 planas: Vokietijos federalin\u0117 transporto ir skaitmenin\u0117s infrastrukt\u016bros ministerija pareng\u0117 nacionalin\u012f bepilo\u010di\u0173 orlaivi\u0173 veiksm\u0173 plan\u0105, kuriame daugiausia d\u0117mesio skiriama saugiam bepilo\u010di\u0173 orlaivi\u0173 integravimui \u012f oro erdv\u0119, inovacij\u0173 r\u0117mimui ir atitikties ES reglamentams u\u017etikrinimui. Plane pabr\u0117\u017eiama bandym\u0173 centr\u0173 ir suinteresuot\u0173j\u0173 subjekt\u0173 veiklos koordinavimo svarba siekiant parengti veiksming\u0105 bepilo\u010di\u0173 orlaivi\u0173 politik\u0105.<\/p>\n\n\n\n<p>\u0160ios iniciatyvos rodo aktyvi\u0105 Vokietijos pozicij\u0105 kuriant tvirt\u0105 reguliavimo ir veiklos sistem\u0105, skirt\u0105 kovoti su neleistinos dron\u0173 veiklos keliamais i\u0161\u0161\u016bkiais.<\/p>\n\n\n\n<h2 class=\"wp-block-heading\" id=\"h-france-strengthening-the-legal-grounds-for-drone-defense\"><span class=\"ez-toc-section\" id=\"France_Strengthening_the_Legal_Grounds_for_Drone_Defense\"><\/span><strong>Pranc\u016bzija: Dron\u0173 gynybos teisinio pagrindo stiprinimas<\/strong><span class=\"ez-toc-section-end\"><\/span><\/h2>\n\n\n\n<p>Pranc\u016bzija \u0117m\u0117si ap\u010diuopiam\u0173 veiksm\u0173, kad sukurt\u0173 kovos su neleistina bepilo\u010di\u0173 orlaivi\u0173 veikla (C-UAS) reguliavimo sistem\u0105. Nors i\u0161sami\u0173, vie\u0161ai skelbiam\u0173 gairi\u0173 d\u0117l konkre\u010di\u0173 poveikio ma\u017einimo metod\u0173 vis dar nedaug, keli teisiniai ir instituciniai poky\u010diai rodo platesnes nacionalines pastangas apibr\u0117\u017eti kovos su dronais veiksm\u0173 vaidmenis, atsakomyb\u0119 ir veiklos srit\u012f.<\/p>\n\n\n\n<ul class=\"wp-block-list\">\n<li><strong>Teisinis teis\u0117saugos institucij\u0173 \u012fgaliojimas:<\/strong> 2024 m. gruod\u012f Pranc\u016bzijos Valstyb\u0117s taryba pritar\u0117, kad teis\u0117saugos institucijos naudot\u0173 dronus po teisini\u0173 gin\u010d\u0173 d\u0117l steb\u0117jimo vie\u0161uose susirinkimuose. \u0160is sprendimas suteikia teisin\u012f pagrind\u0105 tiek steb\u0117jimo, tiek reagavimo paj\u0117gumams vie\u0161osios tvarkos ir vidaus saugumo kontekste.<\/li>\n\n\n\n<li><strong>2024-2030 m. karinio programavimo \u012fstatymas (LPM):<\/strong> Naujausiame Pranc\u016bzijos karinio programavimo \u012fstatyme numatyta skirti 5 mlrd. eur\u0173 ant\u017eemin\u0117s gynybos iniciatyvoms, \u012fskaitant investicijas \u012f kovos su bepilo\u010diais orlaiviais technologijas. \u0160iomis l\u0117\u0161omis remiamas sistem\u0173, skirt\u0173 oro gr\u0117sm\u0117ms aptikti, klasifikuoti ir neutralizuoti, \u012fsigijimas ir modernizavimas.<\/li>\n\n\n\n<li><strong>Veiklos praktika ir tarptautinis bendradarbiavimas:<\/strong> Pranc\u016bzija taip pat pa\u017eeng\u0117 \u012f priek\u012f naudodama C-UAS praktik\u0105 tarptautinio bendradarbiavimo ir dideli\u0173 rengini\u0173 saugumo planavimo srityje. Per 2024 m. Pary\u017eiaus olimpines \u017eaidynes buvo \u012fdiegta daugiasluoksn\u0117 bepilo\u010di\u0173 orlaivi\u0173 saugumo strategija, apimanti radarus, jutiklius, kibernetines radijo ry\u0161io priemones ir neutralizavimo priemones. \u0160ie realaus pasaulio pavyzd\u017eiai padeda informuoti apie nuolatin\u012f reguliavimo pl\u0117tojim\u0105 ir paj\u0117gum\u0173 tobulinim\u0105. <em>(\u0160altinis: IDGA)<\/em><\/li>\n<\/ul>\n\n\n\n<p>Nors prane\u0161ama, kad naudojamos tokios technin\u0117s priemon\u0117s kaip trukdymas, per\u0117mimas ir kibernetinis radijo ry\u0161io per\u0117mimas, j\u0173 teisin\u0117 ir proced\u016brin\u0117 sistema i\u0161 esm\u0117s lieka \u012fslaptinta. Vis d\u0117lto teisin\u0117s paramos, investicij\u0173 \u012f gynyb\u0105 ir operatyvinio diegimo derinys rodo Pranc\u016bzijos ketinim\u0105 sukurti labiau formalizuot\u0105 ir \u012fgyvendinam\u0105 C-UAS politikos strukt\u016br\u0105.<\/p>\n\n\n\n<h2 class=\"wp-block-heading\" id=\"h-united-kingdom-establishing-legal-authority-and-institutional-preparedness\"><span class=\"ez-toc-section\" id=\"United_Kingdom_Establishing_Legal_Authority_and_Institutional_Preparedness\"><\/span><strong>Jungtin\u0117 Karalyst\u0117: Teisini\u0173 \u012fgaliojim\u0173 nustatymas ir institucin\u0117 parengtis<\/strong><span class=\"ez-toc-section-end\"><\/span><\/h2>\n\n\n\n<p>Jungtin\u0117 Karalyst\u0117 \u0117m\u0117si strukt\u016bruoto ir teisi\u0161kai pagr\u012fsto po\u017ei\u016brio \u012f kov\u0105 su neleistinais bepilo\u010diais orlaiviais, kur\u012f i\u0161 esm\u0117s l\u0117m\u0117 didelio atgarsio sulauk\u0119 incidentai - vis\u0173 pirma 2018 m. Gatviko oro uoste \u012fvyk\u0119s bepilo\u010di\u0173 orlaivi\u0173 sutrikdymas, d\u0117l kurio buvo paraly\u017eiuotas oro eismas ir i\u0161ry\u0161k\u0117jo esmin\u0117s oro uosto saugumo spragos. Nuo to laiko JK vyriausyb\u0117 \u0117m\u0117si veiksm\u0173, siekdama patikslinti vaidmenis, pa\u0161alinti teisines spragas ir sustiprinti vie\u0161\u0173j\u0173 \u012fstaig\u0173 ir ypatingos svarbos infrastrukt\u016bros objekt\u0173 operatyvin\u0119 parengt\u012f.<\/p>\n\n\n\n<p><strong>Pagrindiniai poky\u010diai:<\/strong><\/p>\n\n\n\n<ul class=\"wp-block-list\">\n<li><strong>Kovos su bepilo\u010diais orlaiviais strategija (2019 m.):<\/strong> \u0160ia strategija buvo nustatytas Jungtin\u0117s Karalyst\u0117s nacionalinio po\u017ei\u016brio pagrindas, joje nurodytos aviacijos institucij\u0173, teis\u0117saugos, saugumo tarnyb\u0173 ir pramon\u0117s suinteresuot\u0173j\u0173 subjekt\u0173 pareigos. Joje pabr\u0117\u017eiamas rizika pagr\u012fstas reagavimas, geresnis koordinavimas ir aptikimo bei poveikio ma\u017einimo technologij\u0173 integravimas visuose sektoriuose.<\/li>\n\n\n\n<li><strong>2006 m. Belaid\u0117s telegrafijos \u012fstatymas:<\/strong> \u0160ie galiojantys teis\u0117s aktai sudaro teisin\u012f pagrind\u0105 naudoti radijo da\u017eni\u0173 trukd\u017eius ir kitus elektronini\u0173 trukd\u017ei\u0173 metodus, kad b\u016bt\u0173 galima i\u0161jungti arba perimti neautorizuot\u0173 bepilo\u010di\u0173 orlaivi\u0173 kontrol\u0119. Jais paskirtoms institucijoms suteikiami \u012fgaliojimai nutraukti bepilo\u010di\u0173 orlaivi\u0173 ry\u0161\u012f, kai tai b\u016btina visuomen\u0117s saugumui u\u017etikrinti.<\/li>\n\n\n\n<li><strong>2021 m. Oro eismo valdymo ir bepilo\u010di\u0173 orlaivi\u0173 \u012fstatymas:<\/strong> \u0160iuo naujesniu \u012fstatymu dar labiau i\u0161pl\u0117sti Jungtin\u0117s Karalyst\u0117s policijos ir aviacijos institucij\u0173 vykdymo \u012fgaliojimai. Pagal j\u012f pareig\u016bnai gali sustabdyti ir apie\u0161koti dron\u0173 operatorius, skirti fiksuotas baudas ir susipa\u017einti su registracijos duomenimis. Svarbiausia, kad juo taip pat \u012fteisinama sistema, pagal kuri\u0105 galima sukurti <strong>dron\u0173 skryd\u017ei\u0173 apribojimo zonos<\/strong> netoli oro uost\u0173, kal\u0117jim\u0173 ir jautri\u0173 viet\u0173.<\/li>\n\n\n\n<li><strong>C-UAS diegimas konkre\u010dioje vietoje:<\/strong> Kartu su teis\u0117k\u016bros reforma Jungtin\u0117 Karalyst\u0117 \u012fdieg\u0117 aptikimo ir ma\u017einimo technologijas didel\u0117s rizikos vietose, \u012fskaitant pagrindinius oro uostus ir \u012fkalinimo \u012fstaigas. \u0160ios sistemos paprastai apima radarus, akustinius jutiklius ir radijo bangomis grind\u017eiam\u0105 sekim\u0105 - tai leid\u017eia realiuoju laiku \u017einoti situacij\u0105 ir greitai reaguoti \u012f dron\u0173 \u012fsibrovimus.<\/li>\n<\/ul>\n\n\n\n<p>Visos \u0161ios priemon\u0117s atspindi JK per\u0117jim\u0105 nuo reagavimo \u012f \u012fvykius prie aktyvesn\u0117s, su politika suderintos strategijos. \u012etvirtindama kovos su NSO paj\u0117gumus tiek teisin\u0117se, tiek operatyvin\u0117se sistemose, Jungtin\u0117 Karalyst\u0117 atsid\u016br\u0117 tarp pa\u017eangesni\u0173 Europos jurisdikcij\u0173 pasirengimo ir \u012fgaliojim\u0173 ai\u0161kumo po\u017ei\u016briu.<\/p>\n\n\n\n<h2 class=\"wp-block-heading\" id=\"h-spain-advancing-regulation-through-real-world-testing-and-standardization\"><span class=\"ez-toc-section\" id=\"Spain_Advancing_Regulation_Through_Real-World_Testing_and_Standardization\"><\/span><strong>Ispanija: Reguliavimo tobulinimas atliekant bandymus ir standartizacij\u0105 realiomis s\u0105lygomis<\/strong><span class=\"ez-toc-section-end\"><\/span><\/h2>\n\n\n\n<p>Ispanija tapo strategi\u0161kai svarbia Europos kovos su bepilo\u010diais orlaiviais sistemos dalyve, atliekan\u010dia pagrindin\u012f vaidmen\u012f bandant, patvirtinant ir <a href=\"https:\/\/sentrycs.com\/lt\/our-technology\/\">standartizuoti kovos su dronais technologijas.<\/a> ir veiklos protokolai. U\u017euot sutelkusi d\u0117mes\u012f tik \u012f pirkimus ar \u012frangos diegim\u0105, Ispanija teikia pirmenyb\u0119 reguliavimo suderinimui, tarp\u017einybiniam bendradarbiavimui ir strukt\u016briniam C-UAS paj\u0117gum\u0173 vertinimui vietoje.<\/p>\n\n\n\n<p>Svarbiausias Ispanijos dalyvavimo elementas yra aktyvus dalyvavimas <strong><a href=\"https:\/\/www.interpol.int\/en\/How-we-work\/Innovation\/Projects\/Project-Courageous\">INTERPOL'o projektas COURAGEOUS<\/a><\/strong>Europos Komisijos finansuojama iniciatyva, kuria siekiama suderinti kovos su dronais sistem\u0173 bandym\u0173 metodikas valstyb\u0117se nar\u0117se. Ispanijos vald\u017eios institucijos, \u012fskaitant Civilin\u0119 gvardij\u0105 ir Ispanijos nacionalin\u0119 policij\u0105, atliko operatyvinius bandymus tokiose aplinkose kaip oro uostai, stadionai ir pasienio zonos, pad\u0117damos parengti bendrus etaloninius scenarijus, skirtus veiksmingumo lyginamajai analizei ir reguliavimo patvirtinimui.<\/p>\n\n\n\n<p>Tuo pat metu Ispanija \u012ftraukia C-UAS paj\u0117gumus \u012f nacionalinio lygmens \u012fvyki\u0173 saugumo planavim\u0105 ir ypatingos svarbos infrastrukt\u016bros apsaugos strategijas. \u0160ios iniciatyvos glaud\u017eiai susijusios su platesniu tikslu sukurti nuosekli\u0105 teisin\u0119 ir technin\u0119 sistem\u0105, kuria b\u016bt\u0173 remiami ir vykdymo u\u017etikrinimo veiksmai, ir technologin\u0117 parengtis. Bendradarbiaudama su Europos partneriais ir prakti\u0161kai \u012fsipareigodama atlikti sistem\u0173 bandymus, Ispanija padeda formuoti reguliavimo standartus, kuriais bus grind\u017eiamas b\u016bsimas C-UAS diegimas visame \u017eemyne.<\/p>\n\n\n\n<h2 class=\"wp-block-heading\" id=\"h-italy-dual-track-military-civil-strategy-for-counter-uas\"><span class=\"ez-toc-section\" id=\"Italy_Dual-Track_Military-Civil_Strategy_for_Counter-UAS\"><\/span><strong>Italija: Dviej\u0173 kryp\u010di\u0173 karin\u0117-civilin\u0117 kovos su bepilo\u010diais orlaiviais strategija<\/strong><span class=\"ez-toc-section-end\"><\/span><\/h2>\n\n\n\n<p>Italija pri\u0117m\u0117 visapusi\u0161k\u0105 po\u017ei\u016br\u012f \u012f kov\u0105 su neleistina bepilo\u010di\u0173 orlaivi\u0173 veikla, integruodama karines iniciatyvas su civilin\u0117s aviacijos reformomis. \u0160ioje strategijoje pabr\u0117\u017eiamas tiek pa\u017eangi\u0173 gynybos paj\u0117gum\u0173 vystymas, tiek reglamentavimo sistemos, skirtos nacionaliniam saugumui ir visuomen\u0117s saugumui u\u017etikrinti, suk\u016brimas.<\/p>\n\n\n\n<p><strong>Karin\u0117s iniciatyvos:<\/strong><\/p>\n\n\n\n<ul class=\"wp-block-list\">\n<li><strong>Kovos su mini ir mikro RPAS kompetencijos centras:<\/strong> 2019 m. Sabaudijoje prie Prie\u0161l\u0117ktuvin\u0117s artilerijos vadaviet\u0117s (COMACA) \u012fkurtas centras yra kovos su bepilo\u010di\u0173 orlaivi\u0173 technologijomis mokslini\u0173 tyrim\u0173, mokymo ir operatyvinio diegimo centras. Jam tenka pagrindinis vaidmuo kuriant doktrinas ir atliekant lauko bandymus, kad b\u016bt\u0173 sustiprinta Italijos gynyba nuo mini ir mikro dron\u0173 keliam\u0173 gr\u0117smi\u0173.<\/li>\n\n\n\n<li><strong>Dalyvavimas Europos gynybos projektuose:<\/strong> Italija vadovauja ES nuolatinio strukt\u016brizuoto bendradarbiavimo (PESCO) kovos su bepilot\u0117mis orlaivi\u0173 sistemomis projektui ir bendradarbiauja su kitomis valstyb\u0117mis nar\u0117mis, siekdama sukurti standartizuotas kovos su dronais sistemas ir veiklos koncepcijas.<\/li>\n\n\n\n<li><strong>Operatyvinis diegimas:<\/strong> Italijos kariuomen\u0117 aktyviai dislokavo kovos su bepilo\u010diais orlaiviais padalinius, kad apsaugot\u0173 auk\u0161to lygio renginius. Vis\u0173 pirma, per 2023 m. \"Ryder Cup\" turnyr\u0105 specializuotoms komandoms buvo pavesta aptikti ir neutralizuoti neautorizuotus dronus, kad b\u016bt\u0173 u\u017etikrintas dalyvi\u0173 ir \u017ei\u016brov\u0173 saugumas.<\/li>\n<\/ul>\n\n\n\n<p><strong>Civilin\u0117s aviacijos reformos:<\/strong><\/p>\n\n\n\n<ul class=\"wp-block-list\">\n<li><strong>ENAC taisykl\u0117s:<\/strong> Italijos civilin\u0117s aviacijos administracija (ENAC) \u012fgyvendino taisykles, atitinkan\u010dias ES reglament\u0105 2018\/1139, kuriose daugiausia d\u0117mesio skiriama saugiam bepilo\u010di\u0173 orlaivi\u0173 integravimui \u012f nacionalin\u0119 oro erdv\u0119. \u0160iuose reglamentuose aptariami veiklos apribojimai, sertifikavimo reikalavimai ir dron\u0173 veiklai skirt\u0173 oro erdv\u0117s zon\u0173 nustatymas.<\/li>\n\n\n\n<li><strong>\"U-Space\" \u012fgyvendinimas:<\/strong> Italija toliau \u012fgyvendina Europos sistem\u0105 \"U-Space\", kuria siekiama valdyti bepilo\u010di\u0173 orlaivi\u0173 eism\u0105 ma\u017eo auk\u0161\u010dio oro erdv\u0117je. \u0160ia iniciatyva siekiama pagerinti informuotum\u0105 apie pad\u0117t\u012f ir dron\u0173 operatori\u0173 bei oro eismo valdymo subjekt\u0173 veiklos koordinavim\u0105.<\/li>\n\n\n\n<li><strong>ENAV strateginis planas:<\/strong> Italijos oro navigacijos paslaug\u0173 teik\u0117ja ENAV prad\u0117jo \u012fgyvendinti strategin\u012f plan\u0105, kuriuo siekiama sukurti \"bepilo\u010di\u0173 orlaivi\u0173 kaip paslaugos\" platform\u0105. \u0160ia platforma siekiama teikti integruotas dron\u0173 paslaugas \u012fvairiuose sektoriuose, \u012fskaitant energetik\u0105, transport\u0105 ir steb\u0117jim\u0105, u\u017etikrinant saugos ir reguliavimo standart\u0173 laikym\u0105si.<\/li>\n<\/ul>\n\n\n\n<p>\u0160ia dvilype strategija Italija demonstruoja \u012fsipareigojim\u0105 spr\u0119sti neleistin\u0173 bepilo\u010di\u0173 orlaivi\u0173 keliamus i\u0161\u0161\u016bkius, derindama karin\u012f pasirengim\u0105 su grie\u017eta civilin\u0117s aviacijos politika.<\/p>\n\n\n\n<hr class=\"wp-block-separator has-alpha-channel-opacity\"\/>\n\n\n\n<p>Pirmiau pateikti pavyzd\u017eiai iliustruoja kai kurias nacionalinio lygmens iniciatyvas, kurios \u012fgyvendinamos visoje Europoje, siekiant spr\u0119sti neleistin\u0173 bepilo\u010di\u0173 orlaivi\u0173 keliamas reguliavimo ir veiklos problemas. Nors \u0161ioje ap\u017evalgoje i\u0161skirta tik dalis, daugelis kit\u0173 Europos \u0161ali\u0173 aktyviai kuria teisines sistemas, investuoja \u012f kovos su bepilo\u010diais orlaiviais paj\u0117gumus ir stiprina institucin\u012f koordinavim\u0105. Bendrai \u0161ie veiksmai rodo, kad vis da\u017eniau pripa\u017e\u012fstama, jog reikia strukt\u016brizuoto, \u012fgyvendinamo ir \u012f ateit\u012f orientuoto po\u017ei\u016brio \u012f bepilo\u010di\u0173 orlaivi\u0173 valdym\u0105 - tiek nacionaliniu, tiek \u017eemyno lygmeniu.<\/p>\n\n\n\n<h2 class=\"wp-block-heading\" id=\"h-toward-a-unified-european-counter-uas-framework\"><span class=\"ez-toc-section\" id=\"Toward_a_Unified_European_Counter-UAS_Framework\"><\/span><strong>Vieningos Europos kovos su NSO sistemos k\u016brimas<\/strong><span class=\"ez-toc-section-end\"><\/span><\/h2>\n\n\n\n<p>Kol atskiros Europos \u0161alys pl\u0117toja savo kovos su bepilot\u0117mis orlaivi\u0173 sistemomis strategijas, Europos S\u0105junga tuo pat metu skatina koordinuot\u0105 po\u017ei\u016br\u012f \u012f neleistin\u0173 bepilo\u010di\u0173 orlaivi\u0173 keliamus i\u0161\u0161\u016bkius. Pagrindin\u0117s ES institucijos ir bendradarbiavimo projektai yra \u0161i\u0173 pastang\u0173 prie\u0161akyje, siekiant suderinti taisykles, standartizuoti bandym\u0173 metodikas ir sustiprinti operatyvinius paj\u0117gumus visose valstyb\u0117se nar\u0117se.<\/p>\n\n\n\n<p><strong><u>Europos S\u0105jungos aviacijos saugos agent\u016bra (EASA)<\/u><\/strong><\/p>\n\n\n\n<p>EASA atlieka pagrindin\u012f vaidmen\u012f kuriant nuosekli\u0105 bepilo\u010di\u0173 orlaivi\u0173 sistem\u0173 (UAS) reguliavimo aplink\u0105 ES. Rengdama i\u0161samias gaires ir saugos protokolus, EASA u\u017etikrina, kad bepilo\u010di\u0173 orlaivi\u0173 operacijos visose valstyb\u0117se nar\u0117se b\u016bt\u0173 vykdomos laikantis nuosekli\u0173 standart\u0173, ir taip palengvina inovacijas ir saugum\u0105 aviacijos ir kosmoso sektoriuje.<\/p>\n\n\n\n<p><strong><u>Jungtinis tyrim\u0173 centras (JTC)<\/u><\/strong><\/p>\n\n\n\n<p>Europos Komisijos Jungtinis tyrim\u0173 centras (JTC) padeda pl\u0117toti ES kovos su bepilo\u010diais orlaiviais paj\u0117gumus. \u012egyvendindamas tokias iniciatyvas kaip DRONE projektas, JTC vertina pasyvias ir aktyvias kovos su NSO technologijas, daugiausia d\u0117mesio skirdamas j\u0173 taikymui saugant pilie\u010dius, ypatingos svarbos infrastrukt\u016bros objektus ir vie\u0161\u0105sias erdves. JTC darbas apima \"gyvosios laboratorijos\", skirtos C-UAS sprendimams i\u0161bandyti ir tobulinti pagal realaus pasaulio scenarijus, k\u016brim\u0105, prisidedant prie suinteresuotosioms \u0161alims skirto geriausios praktikos vadovo rengimo.<\/p>\n\n\n\n<p><strong><u>Projektas COURAGEOUS<\/u><\/strong><\/p>\n\n\n\n<p>ES Vidaus saugumo fondo finansuojamu projektu COURAGEOUS siekiama sukurti standartizuotas bandym\u0173 metodikas, skirtas neteis\u0117tiems bepilo\u010diams orlaiviams aptikti, sekti ir identifikuoti. Suk\u016brus standartini\u0173 gr\u0117smi\u0173 scenarij\u0173 ir veikimo reikalavim\u0173 rinkin\u012f, projektas palengvina \u012fvairi\u0173 kovos su bepilo\u010diais orlaiviais sistem\u0173 vertinim\u0105. Belgijoje, Graikijoje ir Ispanijoje atlikti patvirtinimo bandymai jau suteik\u0117 verting\u0173 \u012f\u017evalg\u0173, leid\u017eian\u010di\u0173 teis\u0117saugos institucijoms priimti labiau pagr\u012fstus sprendimus renkantis tinkamas technologijas. T\u0119sdamas \u0161\u012f darb\u0105, INTERPOL'as organizuoja naujas tiesiogines kovos su bepilo\u010diais orlaiviais pratybas Sevilijoje (Ispanija) 2025 m. gegu\u017e\u0117s m\u0117n. ir San Diege 2025 m. rugs\u0117jo m\u0117n. Renginio metu bus imituojami sud\u0117tingi miesto scenarijai naudojant raudon\u0173j\u0173 ir m\u0117lyn\u0173j\u0173 komand\u0173 metodus ir tikimasi toliau tikrinti nauj\u0173 C-UAS sprendim\u0173 veikim\u0105 realioje, didel\u0117s \u012ftampos aplinkoje.<br>&nbsp;\u0160i nuolatin\u0117 raida atspindi did\u0117jant\u012f standartizuot\u0173, \u012frodymais pagr\u012fst\u0173 lyginam\u0173j\u0173 standart\u0173, kurie pad\u0117t\u0173 atsakingai diegti C-UAS sprendimus Europoje ir \u0160iaur\u0117s Amerikoje, poreik\u012f.<\/p>\n\n\n\n<h2 class=\"wp-block-heading\" id=\"h-aligning-regulation-with-reality\"><span class=\"ez-toc-section\" id=\"Aligning_Regulation_with_Reality\"><\/span><strong>Reglamentavimo derinimas su realybe<\/strong><span class=\"ez-toc-section-end\"><\/span><\/h2>\n\n\n\n<p>Vokietijos iniciatyva d\u0117l bepilo\u010di\u0173 orlaivi\u0173, naudojan\u010di\u0173 bepilo\u010dius orlaivius, atkreip\u0117 d\u0117mes\u012f \u012f tai, kad b\u016btina skubiai sukurti veiksmingas ir modernias bepilo\u010di\u0173 orlaivi\u0173 valdymo sistemas - ne tik aviacijos saugos, bet ir nacionalinio bei civilinio saugumo tikslais. Visoje Europoje \u0161i neatid\u0117liotina b\u016btinyb\u0117 virsta dviej\u0173 lygi\u0173 atsaku: nacionalin\u0117s vyriausyb\u0117s didina teisinius \u012fgaliojimus ir veiklos paj\u0117gumus, o ES institucijos stengiasi standartizuoti bandym\u0173 re\u017eimus, reguliavimo gaires ir tarpvalstybinio koordinavimo mechanizmus. Kadangi dron\u0173 technologijos toliau tobul\u0117ja, did\u0117ja j\u0173 veikimo nuotolis, autonomija ir sud\u0117tingumas, did\u0117s rizika, susijusi su neteis\u0117tu ar piktavali\u0161ku naudojimu. Europos geb\u0117jimas suma\u017einti \u0161ias gr\u0117smes priklauso ne tik nuo pa\u017eangi\u0173 technologij\u0173 diegimo, bet ir nuo teisinio ir institucinio pasirengimo jas remti. Pagrindas jau pad\u0117tas. Remiantis \"Sentrycs\" patirtimi diegiant C-UAS technologijas \u0161e\u0161iuose \u017eemynuose, dabar reikia tikrai pasaulin\u0117s sistemos, kuri u\u017etikrint\u0173 tvar\u0173 \u012fgyvendinim\u0105, teisin\u012f ai\u0161kum\u0105, operatyvin\u0119 parengt\u012f, tvirtesn\u0119 valstybi\u0173 s\u0105veik\u0105 ir bendr\u0105 \u012fsipareigojim\u0105 u\u017etikrinti ma\u017eo auk\u0161\u010dio dangaus apsaug\u0105, pasitelkiant koordinuot\u0105 reguliavim\u0105 ir veiksmus.<\/p>","protected":false},"excerpt":{"rendered":"<p>Bepilo\u010di\u0173 orlaivi\u0173 sistem\u0173 (UAS) atsiradimas pakeit\u0117 Europos aerokosmin\u0119 ir saugumo erdv\u0119. Bepilo\u010diai orlaiviai taikomi \u012fvairiose srityse - nuo \u017eem\u0117s \u016bkio ir logistikos iki pramog\u0173, steb\u0117jimo ir reagavimo \u012f ekstremalias situacijas, tod\u0117l jie tapo universalia priemone tiek komercin\u0117je, tiek vyriausybin\u0117je srityse. J\u0173 vis daugiau vie\u0161osiose ir priva\u010diosiose sferose suteikia nauj\u0173 galimybi\u0173, ta\u010diau taip pat atsiranda nauj\u0173 <a class=\"more-link\" href=\"https:\/\/sentrycs.com\/lt\/the-counter-drone-blog\/navigating-the-european-skies-the-push-for-a-unified-counter-drone-regulatory-framework\/\" title=\"Kelion\u0117 po Europos dang\u0173: Siekis sukurti viening\u0105 kovos su dronais reguliavimo sistem\u0105\">Skaityti daugiau<\/a><\/p>","protected":false},"author":39,"featured_media":3508,"comment_status":"closed","ping_status":"closed","sticky":false,"template":"","format":"standard","meta":{"_acf_changed":false,"_editorskit_title_hidden":false,"_editorskit_reading_time":0,"_editorskit_is_block_options_detached":false,"_editorskit_block_options_position":"{}","footnotes":"","_links_to":"","_links_to_target":""},"categories":[777],"tags":[],"class_list":["post-3507","post","type-post","status-publish","format-standard","has-post-thumbnail","hentry","category-regulation"],"acf":[],"yoast_head":"<!-- This site is optimized with the Yoast SEO Premium plugin v23.3 (Yoast SEO v27.1.1) - https:\/\/yoast.com\/product\/yoast-seo-premium-wordpress\/ -->\n<title>European Counter-Drone Regulatory Framework | Sentrycs<\/title>\n<meta name=\"description\" content=\"Explore Europe&#039;s push for a unified C-UAS framework. Learn how the UK, Germany, and Spain are advancing drone governance to close regulatory gaps.\" \/>\n<meta name=\"robots\" content=\"index, follow, max-snippet:-1, max-image-preview:large, max-video-preview:-1\" \/>\n<link rel=\"canonical\" href=\"https:\/\/sentrycs.com\/lt\/the-counter-drone-blog\/navigating-the-european-skies-the-push-for-a-unified-counter-drone-regulatory-framework\/\" \/>\n<meta property=\"og:locale\" content=\"lt_LT\" \/>\n<meta property=\"og:type\" content=\"article\" \/>\n<meta property=\"og:title\" content=\"European Counter-Drone Regulatory Framework | Sentrycs\" \/>\n<meta property=\"og:description\" content=\"Explore Europe&#039;s push for a unified C-UAS framework. Learn how the UK, Germany, and Spain are advancing drone governance to close regulatory gaps.\" \/>\n<meta property=\"og:url\" content=\"https:\/\/sentrycs.com\/lt\/the-counter-drone-blog\/navigating-the-european-skies-the-push-for-a-unified-counter-drone-regulatory-framework\/\" \/>\n<meta property=\"og:site_name\" content=\"Sentrycs\" \/>\n<meta property=\"article:published_time\" content=\"2025-04-22T13:17:34+00:00\" \/>\n<meta property=\"article:modified_time\" content=\"2026-04-09T08:33:48+00:00\" \/>\n<meta property=\"og:image\" content=\"https:\/\/sentrycs.com\/wp-content\/uploads\/2025\/04\/shutterstock_2180663865-scaled.jpg\" \/>\n\t<meta property=\"og:image:width\" content=\"2560\" \/>\n\t<meta property=\"og:image:height\" content=\"1707\" \/>\n\t<meta property=\"og:image:type\" content=\"image\/jpeg\" \/>\n<meta name=\"author\" content=\"Hila Kochavi\" \/>\n<meta name=\"twitter:card\" content=\"summary_large_image\" \/>\n<meta name=\"twitter:creator\" content=\"@Sentrycs\" \/>\n<meta name=\"twitter:site\" content=\"@Sentrycs\" \/>\n<meta name=\"twitter:label1\" content=\"Written by\" \/>\n\t<meta name=\"twitter:data1\" content=\"Hila Kochavi\" \/>\n\t<meta name=\"twitter:label2\" content=\"Est. reading time\" \/>\n\t<meta name=\"twitter:data2\" content=\"12 minu\u010di\u0173\" \/>\n<script type=\"application\/ld+json\" class=\"yoast-schema-graph\">{\"@context\":\"https:\/\/schema.org\",\"@graph\":[{\"@type\":\"Article\",\"@id\":\"https:\/\/sentrycs.com\/the-counter-drone-blog\/navigating-the-european-skies-the-push-for-a-unified-counter-drone-regulatory-framework\/#article\",\"isPartOf\":{\"@id\":\"https:\/\/sentrycs.com\/the-counter-drone-blog\/navigating-the-european-skies-the-push-for-a-unified-counter-drone-regulatory-framework\/\"},\"author\":{\"name\":\"Hila Kochavi\",\"@id\":\"https:\/\/sentrycs.com\/#\/schema\/person\/12b9ae2ca079e30d4de6869fe23077c8\"},\"headline\":\"Navigating the European Skies: The Push for a Unified Counter-Drone Regulatory Framework\",\"datePublished\":\"2025-04-22T13:17:34+00:00\",\"dateModified\":\"2026-04-09T08:33:48+00:00\",\"mainEntityOfPage\":{\"@id\":\"https:\/\/sentrycs.com\/the-counter-drone-blog\/navigating-the-european-skies-the-push-for-a-unified-counter-drone-regulatory-framework\/\"},\"wordCount\":2560,\"publisher\":{\"@id\":\"https:\/\/sentrycs.com\/#organization\"},\"image\":{\"@id\":\"https:\/\/sentrycs.com\/the-counter-drone-blog\/navigating-the-european-skies-the-push-for-a-unified-counter-drone-regulatory-framework\/#primaryimage\"},\"thumbnailUrl\":\"https:\/\/sentrycs.com\/wp-content\/uploads\/2025\/04\/shutterstock_2180663865-scaled.jpg\",\"articleSection\":[\"Regulation\"],\"inLanguage\":\"lt-LT\"},{\"@type\":\"WebPage\",\"@id\":\"https:\/\/sentrycs.com\/the-counter-drone-blog\/navigating-the-european-skies-the-push-for-a-unified-counter-drone-regulatory-framework\/\",\"url\":\"https:\/\/sentrycs.com\/the-counter-drone-blog\/navigating-the-european-skies-the-push-for-a-unified-counter-drone-regulatory-framework\/\",\"name\":\"European Counter-Drone Regulatory Framework | Sentrycs\",\"isPartOf\":{\"@id\":\"https:\/\/sentrycs.com\/#website\"},\"primaryImageOfPage\":{\"@id\":\"https:\/\/sentrycs.com\/the-counter-drone-blog\/navigating-the-european-skies-the-push-for-a-unified-counter-drone-regulatory-framework\/#primaryimage\"},\"image\":{\"@id\":\"https:\/\/sentrycs.com\/the-counter-drone-blog\/navigating-the-european-skies-the-push-for-a-unified-counter-drone-regulatory-framework\/#primaryimage\"},\"thumbnailUrl\":\"https:\/\/sentrycs.com\/wp-content\/uploads\/2025\/04\/shutterstock_2180663865-scaled.jpg\",\"datePublished\":\"2025-04-22T13:17:34+00:00\",\"dateModified\":\"2026-04-09T08:33:48+00:00\",\"description\":\"Explore Europe's push for a unified C-UAS framework. Learn how the UK, Germany, and Spain are advancing drone governance to close regulatory gaps.\",\"breadcrumb\":{\"@id\":\"https:\/\/sentrycs.com\/the-counter-drone-blog\/navigating-the-european-skies-the-push-for-a-unified-counter-drone-regulatory-framework\/#breadcrumb\"},\"inLanguage\":\"lt-LT\",\"potentialAction\":[{\"@type\":\"ReadAction\",\"target\":[\"https:\/\/sentrycs.com\/the-counter-drone-blog\/navigating-the-european-skies-the-push-for-a-unified-counter-drone-regulatory-framework\/\"]}]},{\"@type\":\"ImageObject\",\"inLanguage\":\"lt-LT\",\"@id\":\"https:\/\/sentrycs.com\/the-counter-drone-blog\/navigating-the-european-skies-the-push-for-a-unified-counter-drone-regulatory-framework\/#primaryimage\",\"url\":\"https:\/\/sentrycs.com\/wp-content\/uploads\/2025\/04\/shutterstock_2180663865-scaled.jpg\",\"contentUrl\":\"https:\/\/sentrycs.com\/wp-content\/uploads\/2025\/04\/shutterstock_2180663865-scaled.jpg\",\"width\":2560,\"height\":1707},{\"@type\":\"BreadcrumbList\",\"@id\":\"https:\/\/sentrycs.com\/the-counter-drone-blog\/navigating-the-european-skies-the-push-for-a-unified-counter-drone-regulatory-framework\/#breadcrumb\",\"itemListElement\":[{\"@type\":\"ListItem\",\"position\":1,\"name\":\"Home\",\"item\":\"https:\/\/sentrycs.com\/\"},{\"@type\":\"ListItem\",\"position\":2,\"name\":\"Navigating the European Skies: The Push for a Unified Counter-Drone Regulatory Framework\"}]},{\"@type\":\"WebSite\",\"@id\":\"https:\/\/sentrycs.com\/#website\",\"url\":\"https:\/\/sentrycs.com\/\",\"name\":\"Sentrycs\",\"description\":\"Counter-drone Solutions Adapting at the Speed of Threat\",\"publisher\":{\"@id\":\"https:\/\/sentrycs.com\/#organization\"},\"potentialAction\":[{\"@type\":\"SearchAction\",\"target\":{\"@type\":\"EntryPoint\",\"urlTemplate\":\"https:\/\/sentrycs.com\/?s={search_term_string}\"},\"query-input\":{\"@type\":\"PropertyValueSpecification\",\"valueRequired\":true,\"valueName\":\"search_term_string\"}}],\"inLanguage\":\"lt-LT\"},{\"@type\":\"Organization\",\"@id\":\"https:\/\/sentrycs.com\/#organization\",\"name\":\"Sentrycs Counter Drone Solutions\",\"url\":\"https:\/\/sentrycs.com\/\",\"logo\":{\"@type\":\"ImageObject\",\"inLanguage\":\"lt-LT\",\"@id\":\"https:\/\/sentrycs.com\/#\/schema\/logo\/image\/\",\"url\":\"\",\"contentUrl\":\"\",\"caption\":\"Sentrycs Counter Drone Solutions\"},\"image\":{\"@id\":\"https:\/\/sentrycs.com\/#\/schema\/logo\/image\/\"},\"sameAs\":[\"https:\/\/x.com\/Sentrycs\"]},{\"@type\":\"Person\",\"@id\":\"https:\/\/sentrycs.com\/#\/schema\/person\/12b9ae2ca079e30d4de6869fe23077c8\",\"name\":\"Hila Kochavi\",\"image\":{\"@type\":\"ImageObject\",\"inLanguage\":\"lt-LT\",\"@id\":\"https:\/\/sentrycs.com\/#\/schema\/person\/image\/\",\"url\":\"https:\/\/secure.gravatar.com\/avatar\/a6f72a8fd64eb5268cb1d2bdaadd2fd8871730c595dfff8c3051f5d14f95ab6c?s=96&d=mm&r=g\",\"contentUrl\":\"https:\/\/secure.gravatar.com\/avatar\/a6f72a8fd64eb5268cb1d2bdaadd2fd8871730c595dfff8c3051f5d14f95ab6c?s=96&d=mm&r=g\",\"caption\":\"Hila Kochavi\"}}]}<\/script>\n<!-- \/ Yoast SEO Premium plugin. -->","yoast_head_json":{"title":"Europos kovos su dronais reguliavimo sistema | Sentrycs","description":"I\u0161nagrin\u0117kite Europos siek\u012f sukurti viening\u0105 C-UAS sistem\u0105. Su\u017einokite, kaip Jungtin\u0117 Karalyst\u0117, Vokietija ir Ispanija tobulina bepilo\u010di\u0173 orlaivi\u0173 valdym\u0105, siekdamos pa\u0161alinti reguliavimo spragas.","robots":{"index":"index","follow":"follow","max-snippet":"max-snippet:-1","max-image-preview":"max-image-preview:large","max-video-preview":"max-video-preview:-1"},"canonical":"https:\/\/sentrycs.com\/lt\/the-counter-drone-blog\/navigating-the-european-skies-the-push-for-a-unified-counter-drone-regulatory-framework\/","og_locale":"lt_LT","og_type":"article","og_title":"European Counter-Drone Regulatory Framework | Sentrycs","og_description":"Explore Europe's push for a unified C-UAS framework. Learn how the UK, Germany, and Spain are advancing drone governance to close regulatory gaps.","og_url":"https:\/\/sentrycs.com\/lt\/the-counter-drone-blog\/navigating-the-european-skies-the-push-for-a-unified-counter-drone-regulatory-framework\/","og_site_name":"Sentrycs","article_published_time":"2025-04-22T13:17:34+00:00","article_modified_time":"2026-04-09T08:33:48+00:00","og_image":[{"width":2560,"height":1707,"url":"https:\/\/sentrycs.com\/wp-content\/uploads\/2025\/04\/shutterstock_2180663865-scaled.jpg","type":"image\/jpeg"}],"author":"Hila Kochavi","twitter_card":"summary_large_image","twitter_creator":"@Sentrycs","twitter_site":"@Sentrycs","twitter_misc":{"Written by":"Hila Kochavi","Est. reading time":"12 minu\u010di\u0173"},"schema":{"@context":"https:\/\/schema.org","@graph":[{"@type":"Article","@id":"https:\/\/sentrycs.com\/the-counter-drone-blog\/navigating-the-european-skies-the-push-for-a-unified-counter-drone-regulatory-framework\/#article","isPartOf":{"@id":"https:\/\/sentrycs.com\/the-counter-drone-blog\/navigating-the-european-skies-the-push-for-a-unified-counter-drone-regulatory-framework\/"},"author":{"name":"Hila Kochavi","@id":"https:\/\/sentrycs.com\/#\/schema\/person\/12b9ae2ca079e30d4de6869fe23077c8"},"headline":"Navigating the European Skies: The Push for a Unified Counter-Drone Regulatory Framework","datePublished":"2025-04-22T13:17:34+00:00","dateModified":"2026-04-09T08:33:48+00:00","mainEntityOfPage":{"@id":"https:\/\/sentrycs.com\/the-counter-drone-blog\/navigating-the-european-skies-the-push-for-a-unified-counter-drone-regulatory-framework\/"},"wordCount":2560,"publisher":{"@id":"https:\/\/sentrycs.com\/#organization"},"image":{"@id":"https:\/\/sentrycs.com\/the-counter-drone-blog\/navigating-the-european-skies-the-push-for-a-unified-counter-drone-regulatory-framework\/#primaryimage"},"thumbnailUrl":"https:\/\/sentrycs.com\/wp-content\/uploads\/2025\/04\/shutterstock_2180663865-scaled.jpg","articleSection":["Regulation"],"inLanguage":"lt-LT"},{"@type":"WebPage","@id":"https:\/\/sentrycs.com\/the-counter-drone-blog\/navigating-the-european-skies-the-push-for-a-unified-counter-drone-regulatory-framework\/","url":"https:\/\/sentrycs.com\/the-counter-drone-blog\/navigating-the-european-skies-the-push-for-a-unified-counter-drone-regulatory-framework\/","name":"Europos kovos su dronais reguliavimo sistema | Sentrycs","isPartOf":{"@id":"https:\/\/sentrycs.com\/#website"},"primaryImageOfPage":{"@id":"https:\/\/sentrycs.com\/the-counter-drone-blog\/navigating-the-european-skies-the-push-for-a-unified-counter-drone-regulatory-framework\/#primaryimage"},"image":{"@id":"https:\/\/sentrycs.com\/the-counter-drone-blog\/navigating-the-european-skies-the-push-for-a-unified-counter-drone-regulatory-framework\/#primaryimage"},"thumbnailUrl":"https:\/\/sentrycs.com\/wp-content\/uploads\/2025\/04\/shutterstock_2180663865-scaled.jpg","datePublished":"2025-04-22T13:17:34+00:00","dateModified":"2026-04-09T08:33:48+00:00","description":"I\u0161nagrin\u0117kite Europos siek\u012f sukurti viening\u0105 C-UAS sistem\u0105. Su\u017einokite, kaip Jungtin\u0117 Karalyst\u0117, Vokietija ir Ispanija tobulina bepilo\u010di\u0173 orlaivi\u0173 valdym\u0105, siekdamos pa\u0161alinti reguliavimo spragas.","breadcrumb":{"@id":"https:\/\/sentrycs.com\/the-counter-drone-blog\/navigating-the-european-skies-the-push-for-a-unified-counter-drone-regulatory-framework\/#breadcrumb"},"inLanguage":"lt-LT","potentialAction":[{"@type":"ReadAction","target":["https:\/\/sentrycs.com\/the-counter-drone-blog\/navigating-the-european-skies-the-push-for-a-unified-counter-drone-regulatory-framework\/"]}]},{"@type":"ImageObject","inLanguage":"lt-LT","@id":"https:\/\/sentrycs.com\/the-counter-drone-blog\/navigating-the-european-skies-the-push-for-a-unified-counter-drone-regulatory-framework\/#primaryimage","url":"https:\/\/sentrycs.com\/wp-content\/uploads\/2025\/04\/shutterstock_2180663865-scaled.jpg","contentUrl":"https:\/\/sentrycs.com\/wp-content\/uploads\/2025\/04\/shutterstock_2180663865-scaled.jpg","width":2560,"height":1707},{"@type":"BreadcrumbList","@id":"https:\/\/sentrycs.com\/the-counter-drone-blog\/navigating-the-european-skies-the-push-for-a-unified-counter-drone-regulatory-framework\/#breadcrumb","itemListElement":[{"@type":"ListItem","position":1,"name":"Home","item":"https:\/\/sentrycs.com\/"},{"@type":"ListItem","position":2,"name":"Navigating the European Skies: The Push for a Unified Counter-Drone Regulatory Framework"}]},{"@type":"WebSite","@id":"https:\/\/sentrycs.com\/#website","url":"https:\/\/sentrycs.com\/","name":"Sentrycs","description":"Kovos su dronais sprendimai, prisitaikantys prie gr\u0117sm\u0117s grei\u010dio","publisher":{"@id":"https:\/\/sentrycs.com\/#organization"},"potentialAction":[{"@type":"SearchAction","target":{"@type":"EntryPoint","urlTemplate":"https:\/\/sentrycs.com\/?s={search_term_string}"},"query-input":{"@type":"PropertyValueSpecification","valueRequired":true,"valueName":"search_term_string"}}],"inLanguage":"lt-LT"},{"@type":"Organization","@id":"https:\/\/sentrycs.com\/#organization","name":"\"Sentrycs\" kovos su dronais sprendimai","url":"https:\/\/sentrycs.com\/","logo":{"@type":"ImageObject","inLanguage":"lt-LT","@id":"https:\/\/sentrycs.com\/#\/schema\/logo\/image\/","url":"","contentUrl":"","caption":"Sentrycs Counter Drone Solutions"},"image":{"@id":"https:\/\/sentrycs.com\/#\/schema\/logo\/image\/"},"sameAs":["https:\/\/x.com\/Sentrycs"]},{"@type":"Person","@id":"https:\/\/sentrycs.com\/#\/schema\/person\/12b9ae2ca079e30d4de6869fe23077c8","name":"Hila Kochavi","image":{"@type":"ImageObject","inLanguage":"lt-LT","@id":"https:\/\/sentrycs.com\/#\/schema\/person\/image\/","url":"https:\/\/secure.gravatar.com\/avatar\/a6f72a8fd64eb5268cb1d2bdaadd2fd8871730c595dfff8c3051f5d14f95ab6c?s=96&d=mm&r=g","contentUrl":"https:\/\/secure.gravatar.com\/avatar\/a6f72a8fd64eb5268cb1d2bdaadd2fd8871730c595dfff8c3051f5d14f95ab6c?s=96&d=mm&r=g","caption":"Hila Kochavi"}}]}},"_links":{"self":[{"href":"https:\/\/sentrycs.com\/lt\/wp-json\/wp\/v2\/posts\/3507","targetHints":{"allow":["GET"]}}],"collection":[{"href":"https:\/\/sentrycs.com\/lt\/wp-json\/wp\/v2\/posts"}],"about":[{"href":"https:\/\/sentrycs.com\/lt\/wp-json\/wp\/v2\/types\/post"}],"author":[{"embeddable":true,"href":"https:\/\/sentrycs.com\/lt\/wp-json\/wp\/v2\/users\/39"}],"replies":[{"embeddable":true,"href":"https:\/\/sentrycs.com\/lt\/wp-json\/wp\/v2\/comments?post=3507"}],"version-history":[{"count":4,"href":"https:\/\/sentrycs.com\/lt\/wp-json\/wp\/v2\/posts\/3507\/revisions"}],"predecessor-version":[{"id":3597,"href":"https:\/\/sentrycs.com\/lt\/wp-json\/wp\/v2\/posts\/3507\/revisions\/3597"}],"wp:featuredmedia":[{"embeddable":true,"href":"https:\/\/sentrycs.com\/lt\/wp-json\/wp\/v2\/media\/3508"}],"wp:attachment":[{"href":"https:\/\/sentrycs.com\/lt\/wp-json\/wp\/v2\/media?parent=3507"}],"wp:term":[{"taxonomy":"category","embeddable":true,"href":"https:\/\/sentrycs.com\/lt\/wp-json\/wp\/v2\/categories?post=3507"},{"taxonomy":"post_tag","embeddable":true,"href":"https:\/\/sentrycs.com\/lt\/wp-json\/wp\/v2\/tags?post=3507"}],"curies":[{"name":"wp","href":"https:\/\/api.w.org\/{rel}","templated":true}]}}